{"id":1355,"date":"2020-03-02T09:32:44","date_gmt":"2020-03-02T08:32:44","guid":{"rendered":"http:\/\/www.pepiniere-des-possibles.fr\/?p=1355"},"modified":"2020-03-02T09:32:44","modified_gmt":"2020-03-02T08:32:44","slug":"1355","status":"publish","type":"post","link":"http:\/\/www.pepiniere-des-possibles.fr\/?p=1355","title":{"rendered":""},"content":{"rendered":"<p>Bonjour!<\/p>\n<p>Cette semaine nous proposons de la tomme pour ceux qui prennent une part, pour le deuxi\u00e8me fromage \u00e7a sera de la mimolette. Les deux ont 4 mois d&rsquo;affinage.<\/p>\n<p>Vous pouvez tout \u00e0 fait cuisiner de la tomme, \u00e7a fond tr\u00e8s bien!<\/p>\n<p>Le beurre est replac\u00e9 par une part de gruy\u00e8re de 5 mois d&rsquo;affinage.<\/p>\n<p>Bonne semaine et \u00e0 bient\u00f4t!<\/p>\n<p>Irina et Maxime<\/p>\n<p>&nbsp;<\/p>\n<p>&nbsp;<\/p>\n","protected":false},"excerpt":{"rendered":"<p>Bonjour! Cette semaine nous proposons de la tomme pour ceux qui prennent une part, pour le deuxi\u00e8me fromage \u00e7a sera de la mimolette. Les deux ont 4 mois d&rsquo;affinage. Vous pouvez tout \u00e0 fait cuisiner de la tomme, \u00e7a fond &hellip; <a href=\"http:\/\/www.pepiniere-des-possibles.fr\/?p=1355\">Continuer la lecture <span class=\"meta-nav\">&rarr;<\/span><\/a><\/p>\n","protected":false},"author":11,"featured_media":0,"comment_status":"open","ping_status":"closed","sticky":false,"template":"","format":"standard","meta":{"jetpack_post_was_ever_published":false,"_jetpack_newsletter_access":"","_jetpack_dont_email_post_to_subs":false,"_jetpack_newsletter_tier_id":0,"_jetpack_memberships_contains_paywalled_content":false,"_jetpack_memberships_contains_paid_content":false,"footnotes":""},"categories":[1],"tags":[],"class_list":["post-1355","post","type-post","status-publish","format-standard","hentry","category-panier"],"jetpack_featured_media_url":"","jetpack_sharing_enabled":true,"jetpack_shortlink":"https:\/\/wp.me\/s4XvJ4-1355","jetpack-related-posts":[{"id":1211,"url":"http:\/\/www.pepiniere-des-possibles.fr\/?p=1211","url_meta":{"origin":1355,"position":0},"title":"Nouvelle saison","author":"maxime courtin","date":"19\/05\/2019","format":false,"excerpt":"Bonjour \u00e0 toutes et \u00e0 tous! Nous souhaitions vous remercier pour cette nouvelle saison de distribution de fromage qui s'annonce. Une grande partie de v\u00e9llage est d\u00e9j\u00e0 faite et les stocks de fromage commence \u00e0 monter ce qui nous promet un affinage plus pouss\u00e9 et quelques surprises dans les mois\u2026","rel":"","context":"Dans &quot;panier&quot;","block_context":{"text":"panier","link":"http:\/\/www.pepiniere-des-possibles.fr\/?cat=1"},"img":{"alt_text":"","src":"","width":0,"height":0},"classes":[]},{"id":1396,"url":"http:\/\/www.pepiniere-des-possibles.fr\/?p=1396","url_meta":{"origin":1355,"position":1},"title":"Bonjour, cette semaine nous proposons\u2026","author":"maxime courtin","date":"16\/06\/2020","format":false,"excerpt":"Bonjour, cette semaine nous proposons du fromage type maroilles en num\u00e9ro un et de la tomme fleurie pour la deuxi\u00e8me part. Bonne semaine et \u00e0 bient\u00f4t","rel":"","context":"Dans &quot;panier&quot;","block_context":{"text":"panier","link":"http:\/\/www.pepiniere-des-possibles.fr\/?cat=1"},"img":{"alt_text":"","src":"","width":0,"height":0},"classes":[]},{"id":1270,"url":"http:\/\/www.pepiniere-des-possibles.fr\/?p=1270","url_meta":{"origin":1355,"position":2},"title":"Panier du 24 et 27 septembre","author":"Mathieu PEPIN","date":"23\/09\/2019","format":false,"excerpt":"Bonjour \u00e0 toutes et tous, voici la liste des l\u00e9gumes de cette semaine, avec un peu de retard, rentrant \u00e0 l'instant de formation : tomate, aubergine, poivron, courgette, concombre, haricot, c\u00e9leri branche, oignons, salade et persil ou basilic Le deuxi\u00e8me parc de haricots arrivant \u00e0 maturit\u00e9, nous avons besoin de\u2026","rel":"","context":"Dans &quot;panier&quot;","block_context":{"text":"panier","link":"http:\/\/www.pepiniere-des-possibles.fr\/?cat=1"},"img":{"alt_text":"","src":"","width":0,"height":0},"classes":[]},{"id":1000,"url":"http:\/\/www.pepiniere-des-possibles.fr\/?p=1000","url_meta":{"origin":1355,"position":3},"title":"Panier du 27 et 30 Novembre","author":"Mathieu PEPIN","date":"25\/11\/2018","format":false,"excerpt":"Bonjour \u00e0 toutes et tous, Cette semaine il y aura poireau, chou milan fris\u00e9 ou cabus blanc, c\u00e9leri branche, carotte et \u00e9pinard. Les mois se terminant en bre sont les meilleurs pour les moules profitez du c\u00e9leri pour faire le plein d'iode! Ci dessous une id\u00e9e recette de chou Recette\u2026","rel":"","context":"Dans &quot;panier&quot;","block_context":{"text":"panier","link":"http:\/\/www.pepiniere-des-possibles.fr\/?cat=1"},"img":{"alt_text":"","src":"","width":0,"height":0},"classes":[]},{"id":960,"url":"http:\/\/www.pepiniere-des-possibles.fr\/?p=960","url_meta":{"origin":1355,"position":4},"title":"Panier du 4 et 7 Septembre","author":"Mathieu PEPIN","date":"02\/09\/2018","format":false,"excerpt":"Bonjour \u00e0 toutes et tous, Merci pour votre participation au ramassage des patates, environ une tonne est pass\u00e9e entre nos mains et bient\u00f4t dans vos estomacs! Cette semaine au menu Tomate, aubergine, poivron, concombre, courgette\/p\u00e2tisson, oignons, basilic et pomme de terre Nicola. La pomme de terre Nicola est une vari\u00e9t\u00e9\u2026","rel":"","context":"Dans &quot;panier&quot;","block_context":{"text":"panier","link":"http:\/\/www.pepiniere-des-possibles.fr\/?cat=1"},"img":{"alt_text":"","src":"","width":0,"height":0},"classes":[]},{"id":970,"url":"http:\/\/www.pepiniere-des-possibles.fr\/?p=970","url_meta":{"origin":1355,"position":5},"title":"Panier du 2 et 5 Octobre","author":"Mathieu PEPIN","date":"01\/10\/2018","format":false,"excerpt":"Bonjour \u00e0 toutes et tous, Merci pour votre participation au ramassage \u00a0des courges, la maison est bien pleine! Changement de mois, changement de l\u00e9gumes, cette semaine au menu, pomme de terre Apollo, \u00e9pinard, m\u00e2che, carotte,courges, radis. Les haricots de la semaine derni\u00e8re n'\u00e9taient pas tr\u00e8s beaux, sem\u00e9s au mois de\u2026","rel":"","context":"Dans &quot;panier&quot;","block_context":{"text":"panier","link":"http:\/\/www.pepiniere-des-possibles.fr\/?cat=1"},"img":{"alt_text":"","src":"","width":0,"height":0},"classes":[]}],"jetpack_likes_enabled":true,"_links":{"self":[{"href":"http:\/\/www.pepiniere-des-possibles.fr\/index.php?rest_route=\/wp\/v2\/posts\/1355","targetHints":{"allow":["GET"]}}],"collection":[{"href":"http:\/\/www.pepiniere-des-possibles.fr\/index.php?rest_route=\/wp\/v2\/posts"}],"about":[{"href":"http:\/\/www.pepiniere-des-possibles.fr\/index.php?rest_route=\/wp\/v2\/types\/post"}],"author":[{"embeddable":true,"href":"http:\/\/www.pepiniere-des-possibles.fr\/index.php?rest_route=\/wp\/v2\/users\/11"}],"replies":[{"embeddable":true,"href":"http:\/\/www.pepiniere-des-possibles.fr\/index.php?rest_route=%2Fwp%2Fv2%2Fcomments&post=1355"}],"version-history":[{"count":1,"href":"http:\/\/www.pepiniere-des-possibles.fr\/index.php?rest_route=\/wp\/v2\/posts\/1355\/revisions"}],"predecessor-version":[{"id":1356,"href":"http:\/\/www.pepiniere-des-possibles.fr\/index.php?rest_route=\/wp\/v2\/posts\/1355\/revisions\/1356"}],"wp:attachment":[{"href":"http:\/\/www.pepiniere-des-possibles.fr\/index.php?rest_route=%2Fwp%2Fv2%2Fmedia&parent=1355"}],"wp:term":[{"taxonomy":"category","embeddable":true,"href":"http:\/\/www.pepiniere-des-possibles.fr\/index.php?rest_route=%2Fwp%2Fv2%2Fcategories&post=1355"},{"taxonomy":"post_tag","embeddable":true,"href":"http:\/\/www.pepiniere-des-possibles.fr\/index.php?rest_route=%2Fwp%2Fv2%2Ftags&post=1355"}],"curies":[{"name":"wp","href":"https:\/\/api.w.org\/{rel}","templated":true}]}}