{"id":1369,"date":"2020-05-04T10:09:04","date_gmt":"2020-05-04T08:09:04","guid":{"rendered":"http:\/\/www.pepiniere-des-possibles.fr\/?p=1369"},"modified":"2020-05-04T10:09:04","modified_gmt":"2020-05-04T08:09:04","slug":"1369","status":"publish","type":"post","link":"http:\/\/www.pepiniere-des-possibles.fr\/?p=1369","title":{"rendered":""},"content":{"rendered":"<p>Bonjour \u00e0 toutes et \u00e0 tous!<\/p>\n<p>Tout d&rsquo;abord nous sommes heureux de reprendre la nouvelle saison et vous remercions de continuer avec nous!<\/p>\n<p>Cette semaine en fromage vous allez avoir de la mimolette pour ceux qui prennent une part et pour la deuxi\u00e8me part nous proposons des camemberts. Malgr\u00e9 les v\u00ealages tardives et la manque actuelle du lait, nous relan\u00e7ons la production de beurre exclusivement reserv\u00e9 aux AMAPs.<\/p>\n<p>Bonne semaine et \u00e0 bient\u00f4t,<\/p>\n<p>Irina et Maxime<\/p>\n<p>&nbsp;<\/p>\n","protected":false},"excerpt":{"rendered":"<p>Bonjour \u00e0 toutes et \u00e0 tous! Tout d&rsquo;abord nous sommes heureux de reprendre la nouvelle saison et vous remercions de continuer avec nous! Cette semaine en fromage vous allez avoir de la mimolette pour ceux qui prennent une part et &hellip; <a href=\"http:\/\/www.pepiniere-des-possibles.fr\/?p=1369\">Continuer la lecture <span class=\"meta-nav\">&rarr;<\/span><\/a><\/p>\n","protected":false},"author":11,"featured_media":0,"comment_status":"open","ping_status":"closed","sticky":false,"template":"","format":"standard","meta":{"jetpack_post_was_ever_published":false,"_jetpack_newsletter_access":"","_jetpack_dont_email_post_to_subs":false,"_jetpack_newsletter_tier_id":0,"_jetpack_memberships_contains_paywalled_content":false,"_jetpack_memberships_contains_paid_content":false,"footnotes":""},"categories":[1],"tags":[],"class_list":["post-1369","post","type-post","status-publish","format-standard","hentry","category-panier"],"jetpack_featured_media_url":"","jetpack_sharing_enabled":true,"jetpack_shortlink":"https:\/\/wp.me\/s4XvJ4-1369","jetpack-related-posts":[{"id":450,"url":"http:\/\/www.pepiniere-des-possibles.fr\/?p=450","url_meta":{"origin":1369,"position":0},"title":"Panier du 07 et 10 Juillet","author":"Mathieu PEPIN","date":"05\/07\/2015","format":false,"excerpt":"Bonjour \u00e0 toutes et \u00e0 tous, Samedi matin, ce sont 12 paires de mains, petites et grandes qui se sont \u00e9corch\u00e9es dans les buttes de terre tr\u00e8s s\u00e8che pour planter environ 3700 poireaux, apr\u00e8s cela, nous nous sommes affair\u00e9 \u00e0 cueillir des cerises, pour le plus grand bonheur des petits\u2026","rel":"","context":"Dans &quot;panier&quot;","block_context":{"text":"panier","link":"http:\/\/www.pepiniere-des-possibles.fr\/?cat=1"},"img":{"alt_text":"","src":"","width":0,"height":0},"classes":[]},{"id":968,"url":"http:\/\/www.pepiniere-des-possibles.fr\/?p=968","url_meta":{"origin":1369,"position":1},"title":"Panier du 25 et 28 Septembre et ramassage des potirons","author":"Mathieu PEPIN","date":"24\/09\/2018","format":false,"excerpt":"Bonjour \u00e0 toutes et tous, Aucun doute ce Dimanche a marqu\u00e9 le d\u00e9but de l'automne! Il est temps de proc\u00e9der au ramassage et stockage des courges. Pour se faire il vous faudra venir Samedi 29 Septembre arm\u00e9 d'une paire de gants et d'un s\u00e9cateur, nous vous attendons \u00e0 9 heure\u2026","rel":"","context":"Dans &quot;panier&quot;","block_context":{"text":"panier","link":"http:\/\/www.pepiniere-des-possibles.fr\/?cat=1"},"img":{"alt_text":"","src":"","width":0,"height":0},"classes":[]},{"id":1388,"url":"http:\/\/www.pepiniere-des-possibles.fr\/?p=1388","url_meta":{"origin":1369,"position":2},"title":"Bonjour les amis! Nous esp\u00e9rons\u2026","author":"maxime courtin","date":"01\/06\/2020","format":false,"excerpt":"Bonjour les amis! Nous esp\u00e9rons que tout va bien pour vous. Cette semaine nous proposons du gruy\u00e8re en fromage num\u00e9ro un, et de la mimolette en num\u00e9ro deux. Nous avons eu 5 nouveaux v\u00ealages sur les 3 derniers jours!! La cave se remplit tout doucement. Il y aura du maroilles\u2026","rel":"","context":"Dans &quot;panier&quot;","block_context":{"text":"panier","link":"http:\/\/www.pepiniere-des-possibles.fr\/?cat=1"},"img":{"alt_text":"","src":"","width":0,"height":0},"classes":[]},{"id":462,"url":"http:\/\/www.pepiniere-des-possibles.fr\/?p=462","url_meta":{"origin":1369,"position":3},"title":"Panier du 04 et 07 Ao\u00fbt","author":"Mathieu PEPIN","date":"03\/08\/2015","format":false,"excerpt":"Bonjour \u00e0 toutes et tous, Le soleil \u00e9tait au rendez vous pour le dernier march\u00e9 nocturne , ce qui nous a donn\u00e9 l'occasion de communiquer sur nos valeurs avec de nombreuses personnes. Merci \u00e0 vous qui avez tenu le stand avec nous ou qui \u00eates pass\u00e9s nous faire un petit\u2026","rel":"","context":"Dans &quot;panier&quot;","block_context":{"text":"panier","link":"http:\/\/www.pepiniere-des-possibles.fr\/?cat=1"},"img":{"alt_text":"","src":"","width":0,"height":0},"classes":[]},{"id":1211,"url":"http:\/\/www.pepiniere-des-possibles.fr\/?p=1211","url_meta":{"origin":1369,"position":4},"title":"Nouvelle saison","author":"maxime courtin","date":"19\/05\/2019","format":false,"excerpt":"Bonjour \u00e0 toutes et \u00e0 tous! Nous souhaitions vous remercier pour cette nouvelle saison de distribution de fromage qui s'annonce. Une grande partie de v\u00e9llage est d\u00e9j\u00e0 faite et les stocks de fromage commence \u00e0 monter ce qui nous promet un affinage plus pouss\u00e9 et quelques surprises dans les mois\u2026","rel":"","context":"Dans &quot;panier&quot;","block_context":{"text":"panier","link":"http:\/\/www.pepiniere-des-possibles.fr\/?cat=1"},"img":{"alt_text":"","src":"","width":0,"height":0},"classes":[]},{"id":1363,"url":"http:\/\/www.pepiniere-des-possibles.fr\/?p=1363","url_meta":{"origin":1369,"position":5},"title":"SAISON AMAP 2020 &#8211; reprise des distributions","author":"Mathieu PEPIN","date":"18\/04\/2020","format":false,"excerpt":"Cher.e.s amapien.ne.s et futur.e.s amapien.ne.s, la saison se pr\u00e9pare doucement mais s\u00fbrement... Nous aurons le plaisir de nous retrouver la semaine du 4 mai 2020, mardi et vendredi, pour la reprise des distributions. Encore quelques paniers sont disponibles, alors n'h\u00e9sitez pas \u00e0 passer l'information autour de vous afin de reprendre\u2026","rel":"","context":"Dans &quot;panier&quot;","block_context":{"text":"panier","link":"http:\/\/www.pepiniere-des-possibles.fr\/?cat=1"},"img":{"alt_text":"","src":"","width":0,"height":0},"classes":[]}],"jetpack_likes_enabled":true,"_links":{"self":[{"href":"http:\/\/www.pepiniere-des-possibles.fr\/index.php?rest_route=\/wp\/v2\/posts\/1369","targetHints":{"allow":["GET"]}}],"collection":[{"href":"http:\/\/www.pepiniere-des-possibles.fr\/index.php?rest_route=\/wp\/v2\/posts"}],"about":[{"href":"http:\/\/www.pepiniere-des-possibles.fr\/index.php?rest_route=\/wp\/v2\/types\/post"}],"author":[{"embeddable":true,"href":"http:\/\/www.pepiniere-des-possibles.fr\/index.php?rest_route=\/wp\/v2\/users\/11"}],"replies":[{"embeddable":true,"href":"http:\/\/www.pepiniere-des-possibles.fr\/index.php?rest_route=%2Fwp%2Fv2%2Fcomments&post=1369"}],"version-history":[{"count":1,"href":"http:\/\/www.pepiniere-des-possibles.fr\/index.php?rest_route=\/wp\/v2\/posts\/1369\/revisions"}],"predecessor-version":[{"id":1370,"href":"http:\/\/www.pepiniere-des-possibles.fr\/index.php?rest_route=\/wp\/v2\/posts\/1369\/revisions\/1370"}],"wp:attachment":[{"href":"http:\/\/www.pepiniere-des-possibles.fr\/index.php?rest_route=%2Fwp%2Fv2%2Fmedia&parent=1369"}],"wp:term":[{"taxonomy":"category","embeddable":true,"href":"http:\/\/www.pepiniere-des-possibles.fr\/index.php?rest_route=%2Fwp%2Fv2%2Fcategories&post=1369"},{"taxonomy":"post_tag","embeddable":true,"href":"http:\/\/www.pepiniere-des-possibles.fr\/index.php?rest_route=%2Fwp%2Fv2%2Ftags&post=1369"}],"curies":[{"name":"wp","href":"https:\/\/api.w.org\/{rel}","templated":true}]}}