{"id":1753,"date":"2022-09-08T12:58:31","date_gmt":"2022-09-08T10:58:31","guid":{"rendered":"http:\/\/www.pepiniere-des-possibles.fr\/?p=1753"},"modified":"2022-09-08T12:58:31","modified_gmt":"2022-09-08T10:58:31","slug":"fete-des-possibles","status":"publish","type":"post","link":"http:\/\/www.pepiniere-des-possibles.fr\/?p=1753","title":{"rendered":"FETE DES POSSIBLES"},"content":{"rendered":"<p><a href=\"https:\/\/view.genial.ly\/62cd386b386f9c0018b59543?fbclid=IwAR2-DS2gu-Czks6Gafha_JUE92dWlQF-LVvAzJPTmERi-7xdyWvtG9rUmJI\">https:\/\/view.genial.ly\/62cd386b386f9c0018b59543?fbclid=IwAR2-DS2gu-Czks6Gafha_JUE92dWlQF-LVvAzJPTmERi-7xdyWvtG9rUmJI<\/a><\/p>\n<p>&nbsp;<\/p>\n","protected":false},"excerpt":{"rendered":"<p>https:\/\/view.genial.ly\/62cd386b386f9c0018b59543?fbclid=IwAR2-DS2gu-Czks6Gafha_JUE92dWlQF-LVvAzJPTmERi-7xdyWvtG9rUmJI &nbsp;<\/p>\n","protected":false},"author":1,"featured_media":0,"comment_status":"open","ping_status":"closed","sticky":false,"template":"","format":"standard","meta":{"jetpack_post_was_ever_published":false,"_jetpack_newsletter_access":"","_jetpack_dont_email_post_to_subs":false,"_jetpack_newsletter_tier_id":0,"_jetpack_memberships_contains_paywalled_content":false,"_jetpack_memberships_contains_paid_content":false,"footnotes":""},"categories":[1],"tags":[],"class_list":["post-1753","post","type-post","status-publish","format-standard","hentry","category-panier"],"jetpack_featured_media_url":"","jetpack_sharing_enabled":true,"jetpack_shortlink":"https:\/\/wp.me\/p4XvJ4-sh","jetpack-related-posts":[{"id":1826,"url":"http:\/\/www.pepiniere-des-possibles.fr\/?p=1826","url_meta":{"origin":1753,"position":0},"title":"NUIT DE LA CHOUETTE","author":"pepiniere","date":"25\/02\/2023","format":false,"excerpt":"Nuit de la chouette \u00e0 Felleries le samedi 11 mars salle Gaston Locmane. Pour en savoir plus et connaitre le programme:https:\/\/openagenda.com\/nuit-de-la-chouette\/events\/hiboux-et-chouettes-en-fete-a-felleries?fbclid=IwAR30g_bR5fAale_0GNni8VAiql2IBTXTQRjBhWUw8LMbukNG5kpkJ-dB4X8","rel":"","context":"Dans &quot;panier&quot;","block_context":{"text":"panier","link":"http:\/\/www.pepiniere-des-possibles.fr\/?cat=1"},"img":{"alt_text":"","src":"https:\/\/i0.wp.com\/www.pepiniere-des-possibles.fr\/wp-content\/uploads\/2023\/02\/331509927_508574904785051_665497760476961611_n.jpg?resize=350%2C200","width":350,"height":200,"srcset":"https:\/\/i0.wp.com\/www.pepiniere-des-possibles.fr\/wp-content\/uploads\/2023\/02\/331509927_508574904785051_665497760476961611_n.jpg?resize=350%2C200 1x, https:\/\/i0.wp.com\/www.pepiniere-des-possibles.fr\/wp-content\/uploads\/2023\/02\/331509927_508574904785051_665497760476961611_n.jpg?resize=525%2C300 1.5x, https:\/\/i0.wp.com\/www.pepiniere-des-possibles.fr\/wp-content\/uploads\/2023\/02\/331509927_508574904785051_665497760476961611_n.jpg?resize=700%2C400 2x"},"classes":[]},{"id":641,"url":"http:\/\/www.pepiniere-des-possibles.fr\/?p=641","url_meta":{"origin":1753,"position":1},"title":"Panier du 14 et 17 F\u00e9vrier 2017","author":"Mathieu PEPIN","date":"12\/02\/2017","format":false,"excerpt":"Bonsoir \u00e0 toutes et tous, Cette semaine c'est l'avant dernier panier....ne soyez pas triste, c'est aussi la f\u00eate des gens qui s'aiment, alors \u00e7a ira! Au menu chou de Bruxelles, courge musqu\u00e9e de Provence, m\u00e2che, carotte, navet. Bonne semaine Mathieu \u00a0","rel":"","context":"Dans &quot;panier&quot;","block_context":{"text":"panier","link":"http:\/\/www.pepiniere-des-possibles.fr\/?cat=1"},"img":{"alt_text":"","src":"","width":0,"height":0},"classes":[]},{"id":1326,"url":"http:\/\/www.pepiniere-des-possibles.fr\/?p=1326","url_meta":{"origin":1753,"position":2},"title":"Panier du 7 et 10 Janvier 2020","author":"Mathieu PEPIN","date":"06\/01\/2020","format":false,"excerpt":"Bonjour \u00e0 toutes et tous, En cette semaine de rentr\u00e9e, vous trouverez dans le panier, pomme de terre Nicola, \u00e9chalote, courge butternut, radis noir, carotte, poireau et m\u00e2che. Ci dessous une recette test\u00e9e et approuv\u00e9e par nos palais pour cuisiner la butternut : https:\/\/www.bonap.fr\/petits-pains-courge\/ Bonne semaine Mathieu","rel":"","context":"Dans &quot;panier&quot;","block_context":{"text":"panier","link":"http:\/\/www.pepiniere-des-possibles.fr\/?cat=1"},"img":{"alt_text":"","src":"","width":0,"height":0},"classes":[]},{"id":543,"url":"http:\/\/www.pepiniere-des-possibles.fr\/?p=543","url_meta":{"origin":1753,"position":3},"title":"Dernier panier!!","author":"Mathieu PEPIN","date":"22\/02\/2016","format":false,"excerpt":"Bonjour \u00e0 toutes et tous, Cette semaine ce sera le dernier panier de la saison, il se composera de restes, id\u00e9e recette: Gratin de Restes! N'oubliez pas l'assembl\u00e9e g\u00e9n\u00e9rale de la p\u00e9pini\u00e8re des possibles ce Samedi 27 F\u00e9vrier \u00e0 la salle du b\u00fbcher dans le parc de l'abbaye de Liessies.\u2026","rel":"","context":"Dans &quot;panier&quot;","block_context":{"text":"panier","link":"http:\/\/www.pepiniere-des-possibles.fr\/?cat=1"},"img":{"alt_text":"","src":"","width":0,"height":0},"classes":[]},{"id":1158,"url":"http:\/\/www.pepiniere-des-possibles.fr\/?p=1158","url_meta":{"origin":1753,"position":4},"title":"Panier du 19 et 22 F\u00e9vrier","author":"Mathieu PEPIN","date":"17\/02\/2019","format":false,"excerpt":"Bonjour \u00e0 toutes et tous, Cette semaine au menu, carotte, betterave, m\u00e2che, poireau, chou rouge et courge. Samedi Assembl\u00e9e g\u00e9n\u00e9rale de la p\u00e9pini\u00e8re des possibles! Bonne semaine Mathieu","rel":"","context":"Dans &quot;panier&quot;","block_context":{"text":"panier","link":"http:\/\/www.pepiniere-des-possibles.fr\/?cat=1"},"img":{"alt_text":"","src":"","width":0,"height":0},"classes":[]},{"id":1247,"url":"http:\/\/www.pepiniere-des-possibles.fr\/?p=1247","url_meta":{"origin":1753,"position":5},"title":"Panier du 23 et 26 Juillet","author":"Mathieu PEPIN","date":"21\/07\/2019","format":false,"excerpt":"Bonjour \u00e0 toutes et tous, Une nouvelle semaine de canicule s'annonce, esp\u00e9rons que les tomates en rougiront enfin! Au menu, pomme de terre nouvelle, courgette, \u00e9chalote, concombre, salade et aromates. Ce vendredi a lieu le dernier march\u00e9 d'Eppe-Sauvage o\u00f9 nous faisons la promotion de l'association. Toutes les bonnes volont\u00e9s sont\u2026","rel":"","context":"Dans &quot;panier&quot;","block_context":{"text":"panier","link":"http:\/\/www.pepiniere-des-possibles.fr\/?cat=1"},"img":{"alt_text":"","src":"","width":0,"height":0},"classes":[]}],"jetpack_likes_enabled":true,"_links":{"self":[{"href":"http:\/\/www.pepiniere-des-possibles.fr\/index.php?rest_route=\/wp\/v2\/posts\/1753","targetHints":{"allow":["GET"]}}],"collection":[{"href":"http:\/\/www.pepiniere-des-possibles.fr\/index.php?rest_route=\/wp\/v2\/posts"}],"about":[{"href":"http:\/\/www.pepiniere-des-possibles.fr\/index.php?rest_route=\/wp\/v2\/types\/post"}],"author":[{"embeddable":true,"href":"http:\/\/www.pepiniere-des-possibles.fr\/index.php?rest_route=\/wp\/v2\/users\/1"}],"replies":[{"embeddable":true,"href":"http:\/\/www.pepiniere-des-possibles.fr\/index.php?rest_route=%2Fwp%2Fv2%2Fcomments&post=1753"}],"version-history":[{"count":1,"href":"http:\/\/www.pepiniere-des-possibles.fr\/index.php?rest_route=\/wp\/v2\/posts\/1753\/revisions"}],"predecessor-version":[{"id":1754,"href":"http:\/\/www.pepiniere-des-possibles.fr\/index.php?rest_route=\/wp\/v2\/posts\/1753\/revisions\/1754"}],"wp:attachment":[{"href":"http:\/\/www.pepiniere-des-possibles.fr\/index.php?rest_route=%2Fwp%2Fv2%2Fmedia&parent=1753"}],"wp:term":[{"taxonomy":"category","embeddable":true,"href":"http:\/\/www.pepiniere-des-possibles.fr\/index.php?rest_route=%2Fwp%2Fv2%2Fcategories&post=1753"},{"taxonomy":"post_tag","embeddable":true,"href":"http:\/\/www.pepiniere-des-possibles.fr\/index.php?rest_route=%2Fwp%2Fv2%2Ftags&post=1753"}],"curies":[{"name":"wp","href":"https:\/\/api.w.org\/{rel}","templated":true}]}}