{"id":1826,"date":"2023-02-25T18:53:51","date_gmt":"2023-02-25T17:53:51","guid":{"rendered":"http:\/\/www.pepiniere-des-possibles.fr\/?p=1826"},"modified":"2023-02-25T18:53:51","modified_gmt":"2023-02-25T17:53:51","slug":"nuit-de-la-chouette","status":"publish","type":"post","link":"http:\/\/www.pepiniere-des-possibles.fr\/?p=1826","title":{"rendered":"NUIT DE LA CHOUETTE"},"content":{"rendered":"\n<p> Nuit de la chouette \u00e0 Felleries le samedi 11 mars salle Gaston Locmane.<\/p>\n\n\n\n<p>Pour en savoir plus et connaitre le programme:<a href=\"https:\/\/openagenda.com\/nuit-de-la-chouette\/events\/hiboux-et-chouettes-en-fete-a-felleries?fbclid=IwAR30g_bR5fAale_0GNni8VAiql2IBTXTQRjBhWUw8LMbukNG5kpkJ-dB4X8\">https:\/\/openagenda.com\/nuit-de-la-chouette\/events\/hiboux-et-chouettes-en-fete-a-felleries?fbclid=IwAR30g_bR5fAale_0GNni8VAiql2IBTXTQRjBhWUw8LMbukNG5kpkJ-dB4X8<\/a><br><\/p>\n\n\n\n<figure class=\"wp-block-image\"><img loading=\"lazy\" decoding=\"async\" width=\"869\" height=\"802\" data-attachment-id=\"1827\" data-permalink=\"http:\/\/www.pepiniere-des-possibles.fr\/?attachment_id=1827\" data-orig-file=\"http:\/\/www.pepiniere-des-possibles.fr\/wp-content\/uploads\/2023\/02\/331509927_508574904785051_665497760476961611_n.jpg\" data-orig-size=\"869,802\" data-comments-opened=\"1\" data-image-meta=\"{&quot;aperture&quot;:&quot;0&quot;,&quot;credit&quot;:&quot;&quot;,&quot;camera&quot;:&quot;&quot;,&quot;caption&quot;:&quot;&quot;,&quot;created_timestamp&quot;:&quot;0&quot;,&quot;copyright&quot;:&quot;&quot;,&quot;focal_length&quot;:&quot;0&quot;,&quot;iso&quot;:&quot;0&quot;,&quot;shutter_speed&quot;:&quot;0&quot;,&quot;title&quot;:&quot;&quot;,&quot;orientation&quot;:&quot;0&quot;}\" data-image-title=\"331509927_508574904785051_665497760476961611_n\" data-image-description=\"\" data-image-caption=\"\" data-large-file=\"http:\/\/www.pepiniere-des-possibles.fr\/wp-content\/uploads\/2023\/02\/331509927_508574904785051_665497760476961611_n.jpg\" src=\"http:\/\/www.pepiniere-des-possibles.fr\/wp-content\/uploads\/2023\/02\/331509927_508574904785051_665497760476961611_n.jpg\" alt=\"\" class=\"wp-image-1827\"\/><\/figure>\n\n\n\n<p><br><\/p>\n","protected":false},"excerpt":{"rendered":"<p>Nuit de la chouette \u00e0 Felleries le samedi 11 mars salle Gaston Locmane. Pour en savoir plus et connaitre le programme:https:\/\/openagenda.com\/nuit-de-la-chouette\/events\/hiboux-et-chouettes-en-fete-a-felleries?fbclid=IwAR30g_bR5fAale_0GNni8VAiql2IBTXTQRjBhWUw8LMbukNG5kpkJ-dB4X8<\/p>\n","protected":false},"author":1,"featured_media":0,"comment_status":"open","ping_status":"closed","sticky":false,"template":"","format":"standard","meta":{"jetpack_post_was_ever_published":false,"_jetpack_newsletter_access":"","_jetpack_dont_email_post_to_subs":false,"_jetpack_newsletter_tier_id":0,"_jetpack_memberships_contains_paywalled_content":false,"_jetpack_memberships_contains_paid_content":false,"footnotes":""},"categories":[1],"tags":[],"class_list":["post-1826","post","type-post","status-publish","format-standard","hentry","category-panier"],"jetpack_featured_media_url":"","jetpack_sharing_enabled":true,"jetpack_shortlink":"https:\/\/wp.me\/p4XvJ4-ts","jetpack-related-posts":[{"id":457,"url":"http:\/\/www.pepiniere-des-possibles.fr\/?p=457","url_meta":{"origin":1826,"position":0},"title":"Panier du 21 et 24 juillet","author":"Mathieu PEPIN","date":"19\/07\/2015","format":false,"excerpt":"Bonjour \u00e0 toutes et tous, Cette semaine au panier, vous trouverez ail, haricots, brocolis, salade et ciboulette. Encore un tout petit peu de patience... Tomates, aubergines, concombres et poivrons ne vont pas tarder \u00e0 arriver! La bonne pluie de cette nuit a \u00e9galement fait du bien au jardin. Vendredi dernier,\u2026","rel":"","context":"Dans &quot;panier&quot;","block_context":{"text":"panier","link":"http:\/\/www.pepiniere-des-possibles.fr\/?cat=1"},"img":{"alt_text":"","src":"","width":0,"height":0},"classes":[]},{"id":992,"url":"http:\/\/www.pepiniere-des-possibles.fr\/?p=992","url_meta":{"origin":1826,"position":1},"title":"Panier du 13 et 16 Novembre 2018","author":"Mathieu PEPIN","date":"12\/11\/2018","format":false,"excerpt":"Bonsoir \u00e0 toutes et tous, Ce Lundi nous \u00e9tions en formation \u00e0 Lille, nous en avons profit\u00e9 pour y passer une partie du weekend. Nous pensions rentrer suffisamment t\u00f4t pour pouvoir faire le tour du champ afin de r\u00e9diger la liste des l\u00e9gumes du panier de cette \u00a0semaine. Malheureusement, lorsque\u2026","rel":"","context":"Dans &quot;panier&quot;","block_context":{"text":"panier","link":"http:\/\/www.pepiniere-des-possibles.fr\/?cat=1"},"img":{"alt_text":"","src":"","width":0,"height":0},"classes":[]},{"id":348,"url":"http:\/\/www.pepiniere-des-possibles.fr\/?p=348","url_meta":{"origin":1826,"position":2},"title":"panier du 9 et 12 D\u00e9cembre","author":"Mathieu PEPIN","date":"08\/12\/2014","format":false,"excerpt":"Bonjour \u00e0 toutes et tous, Cette semaine au menu, Pomme de terre, \u00e9chalote, chou rouge, panais, courge, chicor\u00e9e pain de sucre, amapiens du Mardi en \u00a0plus il y aura du cardon. Les nuits sont de plus en plus fra\u00eeches, cette nuit il a gel\u00e9 sous les tunnels, il faut prot\u00e9ger\u2026","rel":"","context":"Dans &quot;panier&quot;","block_context":{"text":"panier","link":"http:\/\/www.pepiniere-des-possibles.fr\/?cat=1"},"img":{"alt_text":"","src":"","width":0,"height":0},"classes":[]},{"id":474,"url":"http:\/\/www.pepiniere-des-possibles.fr\/?p=474","url_meta":{"origin":1826,"position":3},"title":"Panier de la rentr\u00e9e!!","author":"Mathieu PEPIN","date":"31\/08\/2015","format":false,"excerpt":"Bonjour \u00e0 toutes et tous, Samedi, le soleil \u00e9tait au rendez vous, nous avons pu arracher la seconde moiti\u00e9 des pommes de terre, celle ci sont d\u00e9sormais entrepos\u00e9es sous le hangar, recouverte d'une b\u00e2che le jour pour ne pas qu'elles verdissent, d\u00e9couvertes la nuit afin qu'elles \" crachent leur feu\",\u2026","rel":"","context":"Dans &quot;panier&quot;","block_context":{"text":"panier","link":"http:\/\/www.pepiniere-des-possibles.fr\/?cat=1"},"img":{"alt_text":"","src":"","width":0,"height":0},"classes":[]},{"id":1419,"url":"http:\/\/www.pepiniere-des-possibles.fr\/?p=1419","url_meta":{"origin":1826,"position":4},"title":"Panier du 11 et 14 Ao\u00fbt","author":"Mathieu PEPIN","date":"10\/08\/2020","format":false,"excerpt":"Bonjour \u00e0 toutes et tous, L'averse de cette nuit a permis de rafra\u00eechir les l\u00e9gumes, bien que la quantit\u00e9 d'eau soit faible! Cette semaine au menu, tomate, aubergine, poivron, courgette, salade et ail. Bonne semaine. Mathieu","rel":"","context":"Dans &quot;panier&quot;","block_context":{"text":"panier","link":"http:\/\/www.pepiniere-des-possibles.fr\/?cat=1"},"img":{"alt_text":"","src":"","width":0,"height":0},"classes":[]},{"id":1003,"url":"http:\/\/www.pepiniere-des-possibles.fr\/?p=1003","url_meta":{"origin":1826,"position":5},"title":"Panier du 4 et 7 D\u00e9cembre","author":"Mathieu PEPIN","date":"03\/12\/2018","format":false,"excerpt":"Bonjour \u00e0 toutes et tous, Cette semaine au menu, pomme de terre Nicola, panais, laitue, poireau, \u00e9chalote et potimarron Red Kuri. Id\u00e9es recettes pour le panais: recette panais et pommes de terre au parmesan Pour 4 personnes\u00a0: 500 g de panais -1 pomme de terre \u2013 1 cuill\u00e8re \u00e0 soupe\u2026","rel":"","context":"Dans &quot;panier&quot;","block_context":{"text":"panier","link":"http:\/\/www.pepiniere-des-possibles.fr\/?cat=1"},"img":{"alt_text":"","src":"","width":0,"height":0},"classes":[]}],"jetpack_likes_enabled":true,"_links":{"self":[{"href":"http:\/\/www.pepiniere-des-possibles.fr\/index.php?rest_route=\/wp\/v2\/posts\/1826","targetHints":{"allow":["GET"]}}],"collection":[{"href":"http:\/\/www.pepiniere-des-possibles.fr\/index.php?rest_route=\/wp\/v2\/posts"}],"about":[{"href":"http:\/\/www.pepiniere-des-possibles.fr\/index.php?rest_route=\/wp\/v2\/types\/post"}],"author":[{"embeddable":true,"href":"http:\/\/www.pepiniere-des-possibles.fr\/index.php?rest_route=\/wp\/v2\/users\/1"}],"replies":[{"embeddable":true,"href":"http:\/\/www.pepiniere-des-possibles.fr\/index.php?rest_route=%2Fwp%2Fv2%2Fcomments&post=1826"}],"version-history":[{"count":1,"href":"http:\/\/www.pepiniere-des-possibles.fr\/index.php?rest_route=\/wp\/v2\/posts\/1826\/revisions"}],"predecessor-version":[{"id":1828,"href":"http:\/\/www.pepiniere-des-possibles.fr\/index.php?rest_route=\/wp\/v2\/posts\/1826\/revisions\/1828"}],"wp:attachment":[{"href":"http:\/\/www.pepiniere-des-possibles.fr\/index.php?rest_route=%2Fwp%2Fv2%2Fmedia&parent=1826"}],"wp:term":[{"taxonomy":"category","embeddable":true,"href":"http:\/\/www.pepiniere-des-possibles.fr\/index.php?rest_route=%2Fwp%2Fv2%2Fcategories&post=1826"},{"taxonomy":"post_tag","embeddable":true,"href":"http:\/\/www.pepiniere-des-possibles.fr\/index.php?rest_route=%2Fwp%2Fv2%2Ftags&post=1826"}],"curies":[{"name":"wp","href":"https:\/\/api.w.org\/{rel}","templated":true}]}}