{"id":1920,"date":"2023-10-25T09:55:48","date_gmt":"2023-10-25T07:55:48","guid":{"rendered":"http:\/\/www.pepiniere-des-possibles.fr\/?p=1920"},"modified":"2023-10-25T09:55:48","modified_gmt":"2023-10-25T07:55:48","slug":"quand-le-cinema-sinvite-a-la-ferme","status":"publish","type":"post","link":"http:\/\/www.pepiniere-des-possibles.fr\/?p=1920","title":{"rendered":"Quand le cin\u00e9ma s&rsquo;invite \u00e0 la ferme."},"content":{"rendered":"\n<figure class=\"wp-block-image\"><img loading=\"lazy\" decoding=\"async\" width=\"447\" height=\"565\" data-attachment-id=\"1918\" data-permalink=\"http:\/\/www.pepiniere-des-possibles.fr\/?attachment_id=1918\" data-orig-file=\"http:\/\/www.pepiniere-des-possibles.fr\/wp-content\/uploads\/2023\/10\/Capture.jpg\" data-orig-size=\"447,565\" data-comments-opened=\"1\" data-image-meta=\"{&quot;aperture&quot;:&quot;0&quot;,&quot;credit&quot;:&quot;JOCE&quot;,&quot;camera&quot;:&quot;&quot;,&quot;caption&quot;:&quot;&quot;,&quot;created_timestamp&quot;:&quot;1698227543&quot;,&quot;copyright&quot;:&quot;&quot;,&quot;focal_length&quot;:&quot;0&quot;,&quot;iso&quot;:&quot;0&quot;,&quot;shutter_speed&quot;:&quot;0&quot;,&quot;title&quot;:&quot;&quot;,&quot;orientation&quot;:&quot;0&quot;}\" data-image-title=\"Capture\" data-image-description=\"\" data-image-caption=\"\" data-large-file=\"http:\/\/www.pepiniere-des-possibles.fr\/wp-content\/uploads\/2023\/10\/Capture.jpg\" src=\"http:\/\/www.pepiniere-des-possibles.fr\/wp-content\/uploads\/2023\/10\/Capture.jpg\" alt=\"\" class=\"wp-image-1918\"\/><\/figure>\n","protected":false},"excerpt":{"rendered":"","protected":false},"author":1,"featured_media":0,"comment_status":"open","ping_status":"closed","sticky":false,"template":"","format":"standard","meta":{"jetpack_post_was_ever_published":false,"_jetpack_newsletter_access":"","_jetpack_dont_email_post_to_subs":false,"_jetpack_newsletter_tier_id":0,"_jetpack_memberships_contains_paywalled_content":false,"_jetpack_memberships_contains_paid_content":false,"footnotes":""},"categories":[1],"tags":[],"class_list":["post-1920","post","type-post","status-publish","format-standard","hentry","category-panier"],"jetpack_featured_media_url":"","jetpack_sharing_enabled":true,"jetpack_shortlink":"https:\/\/wp.me\/p4XvJ4-uY","jetpack-related-posts":[{"id":960,"url":"http:\/\/www.pepiniere-des-possibles.fr\/?p=960","url_meta":{"origin":1920,"position":0},"title":"Panier du 4 et 7 Septembre","author":"Mathieu PEPIN","date":"02\/09\/2018","format":false,"excerpt":"Bonjour \u00e0 toutes et tous, Merci pour votre participation au ramassage des patates, environ une tonne est pass\u00e9e entre nos mains et bient\u00f4t dans vos estomacs! Cette semaine au menu Tomate, aubergine, poivron, concombre, courgette\/p\u00e2tisson, oignons, basilic et pomme de terre Nicola. La pomme de terre Nicola est une vari\u00e9t\u00e9\u2026","rel":"","context":"Dans &quot;panier&quot;","block_context":{"text":"panier","link":"http:\/\/www.pepiniere-des-possibles.fr\/?cat=1"},"img":{"alt_text":"","src":"","width":0,"height":0},"classes":[]},{"id":1348,"url":"http:\/\/www.pepiniere-des-possibles.fr\/?p=1348","url_meta":{"origin":1920,"position":1},"title":"Panier du 18 et 21 F\u00e9vrier","author":"Mathieu PEPIN","date":"16\/02\/2020","format":false,"excerpt":"Bonsoir \u00e0 toutes et tous, Cette semaine dans le panier, vous trouverez, pomme de terre, carotte, betterave, courge, poireau et m\u00e2che. Petites nouvelles de la ferme, apr\u00e8s une semaine de travail acharn\u00e9, apr\u00e8s avoir jongl\u00e9 avec la m\u00e9t\u00e9o, la cabane des \u00e2nes avance bon train gr\u00e2ce au comp\u00e9tences et aux\u2026","rel":"","context":"Dans &quot;panier&quot;","block_context":{"text":"panier","link":"http:\/\/www.pepiniere-des-possibles.fr\/?cat=1"},"img":{"alt_text":"","src":"","width":0,"height":0},"classes":[]},{"id":408,"url":"http:\/\/www.pepiniere-des-possibles.fr\/?p=408","url_meta":{"origin":1920,"position":2},"title":"Premier panier","author":"Mathieu PEPIN","date":"04\/05\/2015","format":false,"excerpt":"Bonjour \u00e0 toutes et tous,\u00a0enfin le grand moment est arriv\u00e9, et la bonne nouvelle l'accompagne... \u00a0\u00a0Je suis heureux de vous annoncer que les distributions de paniers vont enfin commencer!Nous vous donnons rendez-vous d\u00e8s mardi 5 mai et jeudi 7 mai (attention, exceptionnellement en raison du vendredi 8 mai f\u00e9ri\u00e9, d\u00e8s\u2026","rel":"","context":"Dans &quot;panier&quot;","block_context":{"text":"panier","link":"http:\/\/www.pepiniere-des-possibles.fr\/?cat=1"},"img":{"alt_text":"","src":"","width":0,"height":0},"classes":[]},{"id":1479,"url":"http:\/\/www.pepiniere-des-possibles.fr\/?p=1479","url_meta":{"origin":1920,"position":3},"title":"Panier du 8 et 11 D\u00e9cembre","author":"Mathieu PEPIN","date":"06\/12\/2020","format":false,"excerpt":"Bonsoir \u00e0 toutes et tous, Je serai absent lundi et mardi car en formation dans la Marne. Le th\u00e8me : d\u00e9velopper un atelier arboricole en mara\u00eechage. L'id\u00e9e est de planter quelques fruitiers sur le parcours de poules pondeuses qui vont arriver sur la ferme au printemps. je ne serai pas\u2026","rel":"","context":"Dans &quot;panier&quot;","block_context":{"text":"panier","link":"http:\/\/www.pepiniere-des-possibles.fr\/?cat=1"},"img":{"alt_text":"","src":"","width":0,"height":0},"classes":[]},{"id":1437,"url":"http:\/\/www.pepiniere-des-possibles.fr\/?p=1437","url_meta":{"origin":1920,"position":4},"title":"Panier du 01 et 04 Septembre","author":"Mathieu PEPIN","date":"30\/08\/2020","format":false,"excerpt":"Bonjour \u00e0 toutes et tous, Tout d'abord, un grand merci pour votre mobilisation \u00e0 la r\u00e9colte de patate, environ une tonne, arrach\u00e9e, ramass\u00e9e et ensach\u00e9e en 2 heures! Ce Mardi et Mercredi nous accueillons sur la ferme une formation sur le mara\u00eechage en traction asine, vous ne me verrez probablement\u2026","rel":"","context":"Dans &quot;panier&quot;","block_context":{"text":"panier","link":"http:\/\/www.pepiniere-des-possibles.fr\/?cat=1"},"img":{"alt_text":"","src":"","width":0,"height":0},"classes":[]},{"id":489,"url":"http:\/\/www.pepiniere-des-possibles.fr\/?p=489","url_meta":{"origin":1920,"position":5},"title":"Panier du 13 et 16 Octobre","author":"Mathieu PEPIN","date":"12\/10\/2015","format":false,"excerpt":"Bonjour \u00e0 toutes et tous, \u00c7a y est, les courges sont \u00e0 l'abri des gel\u00e9es et nous offrent une d\u00e9co sympathique mais volumineuse dans la maison! Cette semaine, dans le panier il y aura ail, pomme de terre, tomate, poivron, carotte, courge et thym. Dimanche et Lundi ont lieu l'assembl\u00e9e\u2026","rel":"","context":"Dans &quot;panier&quot;","block_context":{"text":"panier","link":"http:\/\/www.pepiniere-des-possibles.fr\/?cat=1"},"img":{"alt_text":"","src":"","width":0,"height":0},"classes":[]}],"jetpack_likes_enabled":true,"_links":{"self":[{"href":"http:\/\/www.pepiniere-des-possibles.fr\/index.php?rest_route=\/wp\/v2\/posts\/1920","targetHints":{"allow":["GET"]}}],"collection":[{"href":"http:\/\/www.pepiniere-des-possibles.fr\/index.php?rest_route=\/wp\/v2\/posts"}],"about":[{"href":"http:\/\/www.pepiniere-des-possibles.fr\/index.php?rest_route=\/wp\/v2\/types\/post"}],"author":[{"embeddable":true,"href":"http:\/\/www.pepiniere-des-possibles.fr\/index.php?rest_route=\/wp\/v2\/users\/1"}],"replies":[{"embeddable":true,"href":"http:\/\/www.pepiniere-des-possibles.fr\/index.php?rest_route=%2Fwp%2Fv2%2Fcomments&post=1920"}],"version-history":[{"count":1,"href":"http:\/\/www.pepiniere-des-possibles.fr\/index.php?rest_route=\/wp\/v2\/posts\/1920\/revisions"}],"predecessor-version":[{"id":1921,"href":"http:\/\/www.pepiniere-des-possibles.fr\/index.php?rest_route=\/wp\/v2\/posts\/1920\/revisions\/1921"}],"wp:attachment":[{"href":"http:\/\/www.pepiniere-des-possibles.fr\/index.php?rest_route=%2Fwp%2Fv2%2Fmedia&parent=1920"}],"wp:term":[{"taxonomy":"category","embeddable":true,"href":"http:\/\/www.pepiniere-des-possibles.fr\/index.php?rest_route=%2Fwp%2Fv2%2Fcategories&post=1920"},{"taxonomy":"post_tag","embeddable":true,"href":"http:\/\/www.pepiniere-des-possibles.fr\/index.php?rest_route=%2Fwp%2Fv2%2Ftags&post=1920"}],"curies":[{"name":"wp","href":"https:\/\/api.w.org\/{rel}","templated":true}]}}